{"id":70,"date":"2012-07-26T19:42:59","date_gmt":"2012-07-26T17:42:59","guid":{"rendered":"http:\/\/wp.ferienhof-kaufmann.at\/index.php\/2012\/07\/26\/wirtschaftsgebaeude-erstrahlt-in-neuem-glanz\/"},"modified":"2021-07-18T13:32:11","modified_gmt":"2021-07-18T11:32:11","slug":"wirtschaftsgebaeude-erstrahlt-in-neuem-glanz","status":"publish","type":"post","link":"https:\/\/ferienhof-kaufmann.at\/index.php\/2012\/07\/26\/wirtschaftsgebaeude-erstrahlt-in-neuem-glanz\/","title":{"rendered":"Wirtschaftsgeb\u00e4ude erstrahlt in neuem Glanz"},"content":{"rendered":"<p>Nach einer langen und anstrengenden Umbauzeit konnte das neue Stallgeb\u00e4ude vor einigen Wochen eingeweiht werden. Die K\u00fche freuen sich \u00fcber ihr neues Zuhause und auch wir freuen uns \u00fcber das neue sch\u00f6ne Wirtschaftsgeb\u00e4ude, das nun viel Platz f\u00fcr Maschinen, Ger\u00e4te und Futter f\u00fcr die Tiere bietet. Auch unseren G\u00e4sten k\u00f6nnen wir nun eine neu entstandenen Terrasse als weitere Sitzm\u00f6glichkeit anbieten. Es folgen einige Fotos die zeigen wie es nun aussieht! Besuchen Sie uns und betrachten Sie das neue Stallgeb\u00e4ude aus n\u00e4chster N\u00e4he!<\/p>\n<p>Wir freuen uns auf Sie!<br \/>\nIhre Familie Kaufmann<\/p>\n<p><img loading=\"lazy\" decoding=\"async\" class=\" size-full wp-image-67\" src=\"http:\/\/wp.ferienhof-kaufmann.at\/wp-content\/uploads\/2012\/07\/2.jpg\" border=\"0\" alt=\"Ferienhof Kaufmann nach dem Umbau des Wirtschaftsgeb\u00e4udes\" title=\"Ferienhof Kaufmann nach dem Umbau des Wirtschaftsgeb\u00e4udes\" width=\"640\" height=\"430\" srcset=\"https:\/\/ferienhof-kaufmann.at\/wp-content\/uploads\/2012\/07\/2.jpg 640w, https:\/\/ferienhof-kaufmann.at\/wp-content\/uploads\/2012\/07\/2-300x202.jpg 300w\" sizes=\"auto, (max-width: 640px) 100vw, 640px\" \/><\/p>\n<p><img loading=\"lazy\" decoding=\"async\" class=\" size-full wp-image-68\" src=\"http:\/\/wp.ferienhof-kaufmann.at\/wp-content\/uploads\/2012\/07\/3.jpg\" border=\"0\" alt=\"Ferienhof Kaufmann nach dem Umbau des Wirtschaftsgeb\u00e4udes\" title=\"Ferienhof Kaufmann nach dem Umbau des Wirtschaftsgeb\u00e4udes\" width=\"640\" height=\"427\" srcset=\"https:\/\/ferienhof-kaufmann.at\/wp-content\/uploads\/2012\/07\/3.jpg 640w, https:\/\/ferienhof-kaufmann.at\/wp-content\/uploads\/2012\/07\/3-300x200.jpg 300w\" sizes=\"auto, (max-width: 640px) 100vw, 640px\" \/><\/p>\n<p><img loading=\"lazy\" decoding=\"async\" class=\" size-full wp-image-69\" src=\"http:\/\/wp.ferienhof-kaufmann.at\/wp-content\/uploads\/2012\/07\/1.jpg\" border=\"0\" alt=\"Ferienhof Kaufmann nach dem Umbau des Wirtschaftsgeb\u00e4udes\" title=\"Ferienhof Kaufmann nach dem Umbau des Wirtschaftsgeb\u00e4udes\" width=\"640\" height=\"427\" srcset=\"https:\/\/ferienhof-kaufmann.at\/wp-content\/uploads\/2012\/07\/1.jpg 640w, https:\/\/ferienhof-kaufmann.at\/wp-content\/uploads\/2012\/07\/1-300x200.jpg 300w\" sizes=\"auto, (max-width: 640px) 100vw, 640px\" \/><\/p>\n","protected":false},"excerpt":{"rendered":"<p>Nach einer langen und anstrengenden Umbauzeit konnte das neue Stallgeb\u00e4ude vor einigen Wochen eingeweiht werden. Die K\u00fche freuen sich \u00fcber ihr neues Zuhause und auch wir freuen uns \u00fcber das neue sch\u00f6ne Wirtschaftsgeb\u00e4ude, das nun viel Platz f\u00fcr Maschinen, Ger\u00e4te und Futter f\u00fcr die Tiere bietet. Auch unseren G\u00e4sten k\u00f6nnen wir nun eine neu entstandenen [&hellip;]<\/p>\n","protected":false},"author":1,"featured_media":67,"comment_status":"closed","ping_status":"open","sticky":false,"template":"","format":"standard","meta":{"footnotes":""},"categories":[1],"tags":[],"class_list":["post-70","post","type-post","status-publish","format-standard","has-post-thumbnail","hentry","category-allgemein"],"yoast_head":"<!-- This site is optimized with the Yoast SEO plugin v26.4 - https:\/\/yoast.com\/wordpress\/plugins\/seo\/ -->\n<title>Wirtschaftsgeb\u00e4ude erstrahlt in neuem Glanz - Ferienhof Kaufmann<\/title>\n<meta name=\"robots\" content=\"index, follow, max-snippet:-1, max-image-preview:large, max-video-preview:-1\" \/>\n<link rel=\"canonical\" href=\"https:\/\/ferienhof-kaufmann.at\/index.php\/2012\/07\/26\/wirtschaftsgebaeude-erstrahlt-in-neuem-glanz\/\" \/>\n<meta property=\"og:locale\" content=\"de_DE\" \/>\n<meta property=\"og:type\" content=\"article\" \/>\n<meta property=\"og:title\" content=\"Wirtschaftsgeb\u00e4ude erstrahlt in neuem Glanz - Ferienhof Kaufmann\" \/>\n<meta property=\"og:description\" content=\"Nach einer langen und anstrengenden Umbauzeit konnte das neue Stallgeb\u00e4ude vor einigen Wochen eingeweiht werden. Die K\u00fche freuen sich \u00fcber ihr neues Zuhause und auch wir freuen uns \u00fcber das neue sch\u00f6ne Wirtschaftsgeb\u00e4ude, das nun viel Platz f\u00fcr Maschinen, Ger\u00e4te und Futter f\u00fcr die Tiere bietet. Auch unseren G\u00e4sten k\u00f6nnen wir nun eine neu entstandenen [&hellip;]\" \/>\n<meta property=\"og:url\" content=\"https:\/\/ferienhof-kaufmann.at\/index.php\/2012\/07\/26\/wirtschaftsgebaeude-erstrahlt-in-neuem-glanz\/\" \/>\n<meta property=\"og:site_name\" content=\"Ferienhof Kaufmann\" \/>\n<meta property=\"article:publisher\" content=\"https:\/\/www.facebook.com\/profile.php?id=100063575891258\" \/>\n<meta property=\"article:published_time\" content=\"2012-07-26T17:42:59+00:00\" \/>\n<meta property=\"article:modified_time\" content=\"2021-07-18T11:32:11+00:00\" \/>\n<meta property=\"og:image\" content=\"https:\/\/ferienhof-kaufmann.at\/wp-content\/uploads\/2012\/07\/2.jpg\" \/>\n\t<meta property=\"og:image:width\" content=\"640\" \/>\n\t<meta property=\"og:image:height\" content=\"430\" \/>\n\t<meta property=\"og:image:type\" content=\"image\/jpeg\" \/>\n<meta name=\"author\" content=\"admin\" \/>\n<script type=\"application\/ld+json\" class=\"yoast-schema-graph\">{\"@context\":\"https:\/\/schema.org\",\"@graph\":[{\"@type\":\"Article\",\"@id\":\"https:\/\/ferienhof-kaufmann.at\/index.php\/2012\/07\/26\/wirtschaftsgebaeude-erstrahlt-in-neuem-glanz\/#article\",\"isPartOf\":{\"@id\":\"https:\/\/ferienhof-kaufmann.at\/index.php\/2012\/07\/26\/wirtschaftsgebaeude-erstrahlt-in-neuem-glanz\/\"},\"author\":{\"name\":\"admin\",\"@id\":\"https:\/\/ferienhof-kaufmann.at\/#\/schema\/person\/1ca8d91323f52393bca92804c5f932c8\"},\"headline\":\"Wirtschaftsgeb\u00e4ude erstrahlt in neuem Glanz\",\"datePublished\":\"2012-07-26T17:42:59+00:00\",\"dateModified\":\"2021-07-18T11:32:11+00:00\",\"mainEntityOfPage\":{\"@id\":\"https:\/\/ferienhof-kaufmann.at\/index.php\/2012\/07\/26\/wirtschaftsgebaeude-erstrahlt-in-neuem-glanz\/\"},\"wordCount\":109,\"publisher\":{\"@id\":\"https:\/\/ferienhof-kaufmann.at\/#organization\"},\"image\":{\"@id\":\"https:\/\/ferienhof-kaufmann.at\/index.php\/2012\/07\/26\/wirtschaftsgebaeude-erstrahlt-in-neuem-glanz\/#primaryimage\"},\"thumbnailUrl\":\"https:\/\/ferienhof-kaufmann.at\/wp-content\/uploads\/2012\/07\/2.jpg\",\"inLanguage\":\"de\"},{\"@type\":\"WebPage\",\"@id\":\"https:\/\/ferienhof-kaufmann.at\/index.php\/2012\/07\/26\/wirtschaftsgebaeude-erstrahlt-in-neuem-glanz\/\",\"url\":\"https:\/\/ferienhof-kaufmann.at\/index.php\/2012\/07\/26\/wirtschaftsgebaeude-erstrahlt-in-neuem-glanz\/\",\"name\":\"Wirtschaftsgeb\u00e4ude erstrahlt in neuem Glanz - Ferienhof Kaufmann\",\"isPartOf\":{\"@id\":\"https:\/\/ferienhof-kaufmann.at\/#website\"},\"primaryImageOfPage\":{\"@id\":\"https:\/\/ferienhof-kaufmann.at\/index.php\/2012\/07\/26\/wirtschaftsgebaeude-erstrahlt-in-neuem-glanz\/#primaryimage\"},\"image\":{\"@id\":\"https:\/\/ferienhof-kaufmann.at\/index.php\/2012\/07\/26\/wirtschaftsgebaeude-erstrahlt-in-neuem-glanz\/#primaryimage\"},\"thumbnailUrl\":\"https:\/\/ferienhof-kaufmann.at\/wp-content\/uploads\/2012\/07\/2.jpg\",\"datePublished\":\"2012-07-26T17:42:59+00:00\",\"dateModified\":\"2021-07-18T11:32:11+00:00\",\"breadcrumb\":{\"@id\":\"https:\/\/ferienhof-kaufmann.at\/index.php\/2012\/07\/26\/wirtschaftsgebaeude-erstrahlt-in-neuem-glanz\/#breadcrumb\"},\"inLanguage\":\"de\",\"potentialAction\":[{\"@type\":\"ReadAction\",\"target\":[\"https:\/\/ferienhof-kaufmann.at\/index.php\/2012\/07\/26\/wirtschaftsgebaeude-erstrahlt-in-neuem-glanz\/\"]}]},{\"@type\":\"ImageObject\",\"inLanguage\":\"de\",\"@id\":\"https:\/\/ferienhof-kaufmann.at\/index.php\/2012\/07\/26\/wirtschaftsgebaeude-erstrahlt-in-neuem-glanz\/#primaryimage\",\"url\":\"https:\/\/ferienhof-kaufmann.at\/wp-content\/uploads\/2012\/07\/2.jpg\",\"contentUrl\":\"https:\/\/ferienhof-kaufmann.at\/wp-content\/uploads\/2012\/07\/2.jpg\",\"width\":640,\"height\":430,\"caption\":\"Ferienhof Kaufmann nach dem Umbau des Wirtschaftsgeb\u00e4udes\"},{\"@type\":\"BreadcrumbList\",\"@id\":\"https:\/\/ferienhof-kaufmann.at\/index.php\/2012\/07\/26\/wirtschaftsgebaeude-erstrahlt-in-neuem-glanz\/#breadcrumb\",\"itemListElement\":[{\"@type\":\"ListItem\",\"position\":1,\"name\":\"Startseite\",\"item\":\"https:\/\/ferienhof-kaufmann.at\/\"},{\"@type\":\"ListItem\",\"position\":2,\"name\":\"Wirtschaftsgeb\u00e4ude erstrahlt in neuem Glanz\"}]},{\"@type\":\"WebSite\",\"@id\":\"https:\/\/ferienhof-kaufmann.at\/#website\",\"url\":\"https:\/\/ferienhof-kaufmann.at\/\",\"name\":\"Ferienhof Kaufmann\",\"description\":\"Urlaub am Bodensee\",\"publisher\":{\"@id\":\"https:\/\/ferienhof-kaufmann.at\/#organization\"},\"alternateName\":\"Urlaub auf dem Bauernhof der Familie Kaufmann\",\"potentialAction\":[{\"@type\":\"SearchAction\",\"target\":{\"@type\":\"EntryPoint\",\"urlTemplate\":\"https:\/\/ferienhof-kaufmann.at\/?s={search_term_string}\"},\"query-input\":{\"@type\":\"PropertyValueSpecification\",\"valueRequired\":true,\"valueName\":\"search_term_string\"}}],\"inLanguage\":\"de\"},{\"@type\":\"Organization\",\"@id\":\"https:\/\/ferienhof-kaufmann.at\/#organization\",\"name\":\"Ferienhof Kaufmann\",\"url\":\"https:\/\/ferienhof-kaufmann.at\/\",\"logo\":{\"@type\":\"ImageObject\",\"inLanguage\":\"de\",\"@id\":\"https:\/\/ferienhof-kaufmann.at\/#\/schema\/logo\/image\/\",\"url\":\"https:\/\/ferienhof-kaufmann.at\/wp-content\/uploads\/2017\/10\/Icon.png\",\"contentUrl\":\"https:\/\/ferienhof-kaufmann.at\/wp-content\/uploads\/2017\/10\/Icon.png\",\"width\":500,\"height\":500,\"caption\":\"Ferienhof Kaufmann\"},\"image\":{\"@id\":\"https:\/\/ferienhof-kaufmann.at\/#\/schema\/logo\/image\/\"},\"sameAs\":[\"https:\/\/www.facebook.com\/profile.php?id=100063575891258\"]},{\"@type\":\"Person\",\"@id\":\"https:\/\/ferienhof-kaufmann.at\/#\/schema\/person\/1ca8d91323f52393bca92804c5f932c8\",\"name\":\"admin\",\"image\":{\"@type\":\"ImageObject\",\"inLanguage\":\"de\",\"@id\":\"https:\/\/ferienhof-kaufmann.at\/#\/schema\/person\/image\/\",\"url\":\"https:\/\/secure.gravatar.com\/avatar\/635f75d07bd4a7105131f6a01aef7592013966750341b0b5c44c94d20206e518?s=96&d=mm&r=g\",\"contentUrl\":\"https:\/\/secure.gravatar.com\/avatar\/635f75d07bd4a7105131f6a01aef7592013966750341b0b5c44c94d20206e518?s=96&d=mm&r=g\",\"caption\":\"admin\"},\"url\":\"https:\/\/ferienhof-kaufmann.at\/index.php\/author\/admin\/\"}]}<\/script>\n<!-- \/ Yoast SEO plugin. -->","yoast_head_json":{"title":"Wirtschaftsgeb\u00e4ude erstrahlt in neuem Glanz - Ferienhof Kaufmann","robots":{"index":"index","follow":"follow","max-snippet":"max-snippet:-1","max-image-preview":"max-image-preview:large","max-video-preview":"max-video-preview:-1"},"canonical":"https:\/\/ferienhof-kaufmann.at\/index.php\/2012\/07\/26\/wirtschaftsgebaeude-erstrahlt-in-neuem-glanz\/","og_locale":"de_DE","og_type":"article","og_title":"Wirtschaftsgeb\u00e4ude erstrahlt in neuem Glanz - Ferienhof Kaufmann","og_description":"Nach einer langen und anstrengenden Umbauzeit konnte das neue Stallgeb\u00e4ude vor einigen Wochen eingeweiht werden. Die K\u00fche freuen sich \u00fcber ihr neues Zuhause und auch wir freuen uns \u00fcber das neue sch\u00f6ne Wirtschaftsgeb\u00e4ude, das nun viel Platz f\u00fcr Maschinen, Ger\u00e4te und Futter f\u00fcr die Tiere bietet. Auch unseren G\u00e4sten k\u00f6nnen wir nun eine neu entstandenen [&hellip;]","og_url":"https:\/\/ferienhof-kaufmann.at\/index.php\/2012\/07\/26\/wirtschaftsgebaeude-erstrahlt-in-neuem-glanz\/","og_site_name":"Ferienhof Kaufmann","article_publisher":"https:\/\/www.facebook.com\/profile.php?id=100063575891258","article_published_time":"2012-07-26T17:42:59+00:00","article_modified_time":"2021-07-18T11:32:11+00:00","og_image":[{"width":640,"height":430,"url":"https:\/\/ferienhof-kaufmann.at\/wp-content\/uploads\/2012\/07\/2.jpg","type":"image\/jpeg"}],"author":"admin","schema":{"@context":"https:\/\/schema.org","@graph":[{"@type":"Article","@id":"https:\/\/ferienhof-kaufmann.at\/index.php\/2012\/07\/26\/wirtschaftsgebaeude-erstrahlt-in-neuem-glanz\/#article","isPartOf":{"@id":"https:\/\/ferienhof-kaufmann.at\/index.php\/2012\/07\/26\/wirtschaftsgebaeude-erstrahlt-in-neuem-glanz\/"},"author":{"name":"admin","@id":"https:\/\/ferienhof-kaufmann.at\/#\/schema\/person\/1ca8d91323f52393bca92804c5f932c8"},"headline":"Wirtschaftsgeb\u00e4ude erstrahlt in neuem Glanz","datePublished":"2012-07-26T17:42:59+00:00","dateModified":"2021-07-18T11:32:11+00:00","mainEntityOfPage":{"@id":"https:\/\/ferienhof-kaufmann.at\/index.php\/2012\/07\/26\/wirtschaftsgebaeude-erstrahlt-in-neuem-glanz\/"},"wordCount":109,"publisher":{"@id":"https:\/\/ferienhof-kaufmann.at\/#organization"},"image":{"@id":"https:\/\/ferienhof-kaufmann.at\/index.php\/2012\/07\/26\/wirtschaftsgebaeude-erstrahlt-in-neuem-glanz\/#primaryimage"},"thumbnailUrl":"https:\/\/ferienhof-kaufmann.at\/wp-content\/uploads\/2012\/07\/2.jpg","inLanguage":"de"},{"@type":"WebPage","@id":"https:\/\/ferienhof-kaufmann.at\/index.php\/2012\/07\/26\/wirtschaftsgebaeude-erstrahlt-in-neuem-glanz\/","url":"https:\/\/ferienhof-kaufmann.at\/index.php\/2012\/07\/26\/wirtschaftsgebaeude-erstrahlt-in-neuem-glanz\/","name":"Wirtschaftsgeb\u00e4ude erstrahlt in neuem Glanz - Ferienhof Kaufmann","isPartOf":{"@id":"https:\/\/ferienhof-kaufmann.at\/#website"},"primaryImageOfPage":{"@id":"https:\/\/ferienhof-kaufmann.at\/index.php\/2012\/07\/26\/wirtschaftsgebaeude-erstrahlt-in-neuem-glanz\/#primaryimage"},"image":{"@id":"https:\/\/ferienhof-kaufmann.at\/index.php\/2012\/07\/26\/wirtschaftsgebaeude-erstrahlt-in-neuem-glanz\/#primaryimage"},"thumbnailUrl":"https:\/\/ferienhof-kaufmann.at\/wp-content\/uploads\/2012\/07\/2.jpg","datePublished":"2012-07-26T17:42:59+00:00","dateModified":"2021-07-18T11:32:11+00:00","breadcrumb":{"@id":"https:\/\/ferienhof-kaufmann.at\/index.php\/2012\/07\/26\/wirtschaftsgebaeude-erstrahlt-in-neuem-glanz\/#breadcrumb"},"inLanguage":"de","potentialAction":[{"@type":"ReadAction","target":["https:\/\/ferienhof-kaufmann.at\/index.php\/2012\/07\/26\/wirtschaftsgebaeude-erstrahlt-in-neuem-glanz\/"]}]},{"@type":"ImageObject","inLanguage":"de","@id":"https:\/\/ferienhof-kaufmann.at\/index.php\/2012\/07\/26\/wirtschaftsgebaeude-erstrahlt-in-neuem-glanz\/#primaryimage","url":"https:\/\/ferienhof-kaufmann.at\/wp-content\/uploads\/2012\/07\/2.jpg","contentUrl":"https:\/\/ferienhof-kaufmann.at\/wp-content\/uploads\/2012\/07\/2.jpg","width":640,"height":430,"caption":"Ferienhof Kaufmann nach dem Umbau des Wirtschaftsgeb\u00e4udes"},{"@type":"BreadcrumbList","@id":"https:\/\/ferienhof-kaufmann.at\/index.php\/2012\/07\/26\/wirtschaftsgebaeude-erstrahlt-in-neuem-glanz\/#breadcrumb","itemListElement":[{"@type":"ListItem","position":1,"name":"Startseite","item":"https:\/\/ferienhof-kaufmann.at\/"},{"@type":"ListItem","position":2,"name":"Wirtschaftsgeb\u00e4ude erstrahlt in neuem Glanz"}]},{"@type":"WebSite","@id":"https:\/\/ferienhof-kaufmann.at\/#website","url":"https:\/\/ferienhof-kaufmann.at\/","name":"Ferienhof Kaufmann","description":"Urlaub am Bodensee","publisher":{"@id":"https:\/\/ferienhof-kaufmann.at\/#organization"},"alternateName":"Urlaub auf dem Bauernhof der Familie Kaufmann","potentialAction":[{"@type":"SearchAction","target":{"@type":"EntryPoint","urlTemplate":"https:\/\/ferienhof-kaufmann.at\/?s={search_term_string}"},"query-input":{"@type":"PropertyValueSpecification","valueRequired":true,"valueName":"search_term_string"}}],"inLanguage":"de"},{"@type":"Organization","@id":"https:\/\/ferienhof-kaufmann.at\/#organization","name":"Ferienhof Kaufmann","url":"https:\/\/ferienhof-kaufmann.at\/","logo":{"@type":"ImageObject","inLanguage":"de","@id":"https:\/\/ferienhof-kaufmann.at\/#\/schema\/logo\/image\/","url":"https:\/\/ferienhof-kaufmann.at\/wp-content\/uploads\/2017\/10\/Icon.png","contentUrl":"https:\/\/ferienhof-kaufmann.at\/wp-content\/uploads\/2017\/10\/Icon.png","width":500,"height":500,"caption":"Ferienhof Kaufmann"},"image":{"@id":"https:\/\/ferienhof-kaufmann.at\/#\/schema\/logo\/image\/"},"sameAs":["https:\/\/www.facebook.com\/profile.php?id=100063575891258"]},{"@type":"Person","@id":"https:\/\/ferienhof-kaufmann.at\/#\/schema\/person\/1ca8d91323f52393bca92804c5f932c8","name":"admin","image":{"@type":"ImageObject","inLanguage":"de","@id":"https:\/\/ferienhof-kaufmann.at\/#\/schema\/person\/image\/","url":"https:\/\/secure.gravatar.com\/avatar\/635f75d07bd4a7105131f6a01aef7592013966750341b0b5c44c94d20206e518?s=96&d=mm&r=g","contentUrl":"https:\/\/secure.gravatar.com\/avatar\/635f75d07bd4a7105131f6a01aef7592013966750341b0b5c44c94d20206e518?s=96&d=mm&r=g","caption":"admin"},"url":"https:\/\/ferienhof-kaufmann.at\/index.php\/author\/admin\/"}]}},"_links":{"self":[{"href":"https:\/\/ferienhof-kaufmann.at\/index.php\/wp-json\/wp\/v2\/posts\/70","targetHints":{"allow":["GET"]}}],"collection":[{"href":"https:\/\/ferienhof-kaufmann.at\/index.php\/wp-json\/wp\/v2\/posts"}],"about":[{"href":"https:\/\/ferienhof-kaufmann.at\/index.php\/wp-json\/wp\/v2\/types\/post"}],"author":[{"embeddable":true,"href":"https:\/\/ferienhof-kaufmann.at\/index.php\/wp-json\/wp\/v2\/users\/1"}],"replies":[{"embeddable":true,"href":"https:\/\/ferienhof-kaufmann.at\/index.php\/wp-json\/wp\/v2\/comments?post=70"}],"version-history":[{"count":2,"href":"https:\/\/ferienhof-kaufmann.at\/index.php\/wp-json\/wp\/v2\/posts\/70\/revisions"}],"predecessor-version":[{"id":635,"href":"https:\/\/ferienhof-kaufmann.at\/index.php\/wp-json\/wp\/v2\/posts\/70\/revisions\/635"}],"wp:featuredmedia":[{"embeddable":true,"href":"https:\/\/ferienhof-kaufmann.at\/index.php\/wp-json\/wp\/v2\/media\/67"}],"wp:attachment":[{"href":"https:\/\/ferienhof-kaufmann.at\/index.php\/wp-json\/wp\/v2\/media?parent=70"}],"wp:term":[{"taxonomy":"category","embeddable":true,"href":"https:\/\/ferienhof-kaufmann.at\/index.php\/wp-json\/wp\/v2\/categories?post=70"},{"taxonomy":"post_tag","embeddable":true,"href":"https:\/\/ferienhof-kaufmann.at\/index.php\/wp-json\/wp\/v2\/tags?post=70"}],"curies":[{"name":"wp","href":"https:\/\/api.w.org\/{rel}","templated":true}]}}